{"id":218,"date":"2021-01-30T19:26:36","date_gmt":"2021-01-30T19:26:36","guid":{"rendered":"https:\/\/ertekprojects.com\/yurtdisiegitimyasam\/?p=218"},"modified":"2022-05-23T17:08:41","modified_gmt":"2022-05-23T17:08:41","slug":"televizyon","status":"publish","type":"post","link":"https:\/\/ertekprojects.com\/yurtdisiegitimyasam\/televizyon\/","title":{"rendered":"TELEV\u0130ZYON"},"content":{"rendered":"<p>Her \u015fehirde televizyon normal ulusal (national) kanallar\u0131 i\u00e7eriyor. Ayr\u0131ca ayda belli bir \u00fccret kar\u015f\u0131l\u0131\u011f\u0131 kablolu TV yay\u0131n\u0131n\u0131 alabilirsiniz, ki bu da kanal say\u0131s\u0131n\u0131 artt\u0131r\u0131r. Benim uzun y\u0131llar sonucu tecr\u00fcbem; \u00f6\u011frenciyseniz e\u011fer televizyon bulunmayan bir evin televizyon bulunan bir evden \u00e7ok daha iyi oldu\u011fu. \u00d6zellikle okulda \u00e7al\u0131\u015fmalar\u0131n\u0131 s\u00fcrd\u00fcren arkada\u015flar i\u00e7in televizyon b\u00fcy\u00fck bir vakit kayb\u0131na sebep oluyor. O y\u00fczden m\u00fcmk\u00fcnse eve televizyonu sokmaman\u0131z\u0131 \u00f6neririm. Ama diyelim ki mutlaka evde bir e\u011flence istiyorsunuz, benim d\u00fc\u015f\u00fcnceme g\u00f6re Apple TV cihaz ile beraber Netflix, ve YouTube \u00fcyelikleri yeter ve artar. Hatta s\u0131k\u00e7a Amazon\u2019dan al\u0131\u015fveri\u015f yapma niyetiniz varsa, Amazon Prime \u00fcyeli\u011fi de alabilirsiniz. Netflix ve YouTube videolar\u0131n\u0131 altyaz\u0131l\u0131 izlemek \u0130ngilizcenizi geli\u015ftirmeye olduk\u00e7a faydal\u0131 olacakt\u0131r.<\/p>\n","protected":false},"excerpt":{"rendered":"<p>Her \u015fehirde televizyon normal ulusal (national) kanallar\u0131 i\u00e7eriyor. Ayr\u0131ca ayda belli bir \u00fccret kar\u015f\u0131l\u0131\u011f\u0131 kablolu TV yay\u0131n\u0131n\u0131 alabilirsiniz, ki bu da kanal say\u0131s\u0131n\u0131 artt\u0131r\u0131r. Benim uzun y\u0131llar sonucu tecr\u00fcbem; \u00f6\u011frenciyseniz e\u011fer televizyon bulunmayan bir evin televizyon bulunan bir evden \u00e7ok daha iyi oldu\u011fu. \u00d6zellikle okulda \u00e7al\u0131\u015fmalar\u0131n\u0131 s\u00fcrd\u00fcren arkada\u015flar i\u00e7in televizyon b\u00fcy\u00fck bir vakit kayb\u0131na sebep [&hellip;]<\/p>\n","protected":false},"author":1,"featured_media":401,"comment_status":"closed","ping_status":"closed","sticky":false,"template":"","format":"standard","meta":{"footnotes":""},"categories":[6],"tags":[26],"class_list":["post-218","post","type-post","status-publish","format-standard","has-post-thumbnail","hentry","category-yasam","tag-yurt-disi"],"_links":{"self":[{"href":"https:\/\/ertekprojects.com\/yurtdisiegitimyasam\/wp-json\/wp\/v2\/posts\/218","targetHints":{"allow":["GET"]}}],"collection":[{"href":"https:\/\/ertekprojects.com\/yurtdisiegitimyasam\/wp-json\/wp\/v2\/posts"}],"about":[{"href":"https:\/\/ertekprojects.com\/yurtdisiegitimyasam\/wp-json\/wp\/v2\/types\/post"}],"author":[{"embeddable":true,"href":"https:\/\/ertekprojects.com\/yurtdisiegitimyasam\/wp-json\/wp\/v2\/users\/1"}],"replies":[{"embeddable":true,"href":"https:\/\/ertekprojects.com\/yurtdisiegitimyasam\/wp-json\/wp\/v2\/comments?post=218"}],"version-history":[{"count":1,"href":"https:\/\/ertekprojects.com\/yurtdisiegitimyasam\/wp-json\/wp\/v2\/posts\/218\/revisions"}],"predecessor-version":[{"id":476,"href":"https:\/\/ertekprojects.com\/yurtdisiegitimyasam\/wp-json\/wp\/v2\/posts\/218\/revisions\/476"}],"wp:featuredmedia":[{"embeddable":true,"href":"https:\/\/ertekprojects.com\/yurtdisiegitimyasam\/wp-json\/wp\/v2\/media\/401"}],"wp:attachment":[{"href":"https:\/\/ertekprojects.com\/yurtdisiegitimyasam\/wp-json\/wp\/v2\/media?parent=218"}],"wp:term":[{"taxonomy":"category","embeddable":true,"href":"https:\/\/ertekprojects.com\/yurtdisiegitimyasam\/wp-json\/wp\/v2\/categories?post=218"},{"taxonomy":"post_tag","embeddable":true,"href":"https:\/\/ertekprojects.com\/yurtdisiegitimyasam\/wp-json\/wp\/v2\/tags?post=218"}],"curies":[{"name":"wp","href":"https:\/\/api.w.org\/{rel}","templated":true}]}}