{"id":82,"date":"2020-12-05T10:32:09","date_gmt":"2020-12-05T10:32:09","guid":{"rendered":"https:\/\/ertekprojects.com\/yurtdisiegitimyasam\/?p=82"},"modified":"2022-05-24T10:00:16","modified_gmt":"2022-05-24T10:00:16","slug":"onemli-tarihler-e-postalara-yanitlar","status":"publish","type":"post","link":"https:\/\/ertekprojects.com\/yurtdisiegitimyasam\/onemli-tarihler-e-postalara-yanitlar\/","title":{"rendered":"\u00d6nemli Tarihler | E-Postalara Yan\u0131tlar"},"content":{"rendered":"<p>Merhaba B,<\/p>\n<p>Sana g\u00f6nderdikleri belgelerde ayr\u0131nt\u0131l\u0131 olarak anlatm\u0131\u015flard\u0131r ama G\u00fcz D\u00f6nemi \u00e7izelgesi (Fall Schedule) schedule&#8217;\u0131 san\u0131r\u0131m \u015f\u00f6yle:<\/p>\n<p>20 Eyl\u00fcl Ctesi &#8212; International student orientation<\/p>\n<p>22-23 Eyl\u00fcl\u00a0\u00a0\u00a0 &#8212; Fall quarter registration<\/p>\n<p>24 Eyl\u00fcl Cars\u00a0 &#8212; Derslerin ilk g\u00fcn\u00fc San\u0131yorum sen gelecek G\u00fcz i\u00e7in kabul alm\u0131\u015fs\u0131nd\u0131r (yeni \u00f6\u011frencilerin \u00e7o\u011fu G\u00fcz D\u00f6nemi\u2019nde ba\u015fl\u0131yor). Okul G\u00fcz d\u00f6neminde 23 Eyl\u00fcl&#8217;de a\u00e7\u0131lacak. 23 Eyl\u00fcl Sal\u0131 derslerin ilk g\u00fcn\u00fc, 22 Eyl\u00fcl&#8217;de kay\u0131tlar var, 20-21 Eyl\u00fcl&#8217;de ise oryantasyon (orientation) programlar\u0131 olmal\u0131 (ge\u00e7en y\u0131l b\u00f6yleydi).<\/p>\n<p>Bu konuda daha ayr\u0131nt\u0131l\u0131 bilgiler daha sonra sana (A\u011fustos-Eyl\u00fcl civar\u0131nda) bildirilecektir.<\/p>\n<hr \/>\n<p>Merhaba A, Ben Graduate Living Center&#8217;da kalaca\u011f\u0131m ve Graduate Living Center 20 Eyl\u00fcl\u2019de a\u00e7\u0131l\u0131yormu\u015f. T\u00dcB\u0130TAK&#8217;ta bize 10 Eyl\u00fcl gibi oraya gitmemizin daha iyi olaca\u011f\u0131n\u0131 s\u00f6ylediler. Merhaba B, Okul ne zaman ba\u015fl\u0131yorsa 5-6 g\u00fcn \u00f6ncesi iyi bence.. Ya da GRLC a\u00e7\u0131ld\u0131\u011f\u0131nda. Hangisi daha \u00f6nceyse.<\/p>\n<p>Merhaba A,<\/p>\n<p>Aradaki on g\u00fcnl\u00fck s\u00fcrede GRLC&#8217;de kalabilir miyiz? E\u011fer kalamazsak yer sorunu ya\u015far m\u0131y\u0131z? E\u011fer \u00f6yle bir sorun ortaya \u00e7\u0131kacaksa bana bildirirsen, ben de 10 Eyl\u00fcl de gelmem daha ge\u00e7 gelirim. Yer sorunu ya\u015famak istemiyorum.<\/p>\n<p>Merhaba B,<\/p>\n<p>&#8220;Official move in days are Saturday, September 20th and Sunday, September 21st. (Early arrivals can move in on September 17, 18 and 19, but usually there is $15 per day for early check-ins). &#8221; (Housing Department&#8217;dan al\u0131nan bilgi)<\/p>\n<p>Mutlaka erken gelmek durumunda olan arkada\u015flarm\u0131z\u0131n da ma\u011fdur olmamas\u0131 i\u00e7in buradaki T\u00fcrkler olarak elimizden gelenleri yapmaya \u00e7al\u0131\u015f\u0131yoruz.<\/p>\n","protected":false},"excerpt":{"rendered":"<p>Merhaba B, Sana g\u00f6nderdikleri belgelerde ayr\u0131nt\u0131l\u0131 olarak anlatm\u0131\u015flard\u0131r ama G\u00fcz D\u00f6nemi \u00e7izelgesi (Fall Schedule) schedule&#8217;\u0131 san\u0131r\u0131m \u015f\u00f6yle: 20 Eyl\u00fcl Ctesi &#8212; International student orientation 22-23 Eyl\u00fcl\u00a0\u00a0\u00a0 &#8212; Fall quarter registration 24 Eyl\u00fcl Cars\u00a0 &#8212; Derslerin ilk g\u00fcn\u00fc San\u0131yorum sen gelecek G\u00fcz i\u00e7in kabul alm\u0131\u015fs\u0131nd\u0131r (yeni \u00f6\u011frencilerin \u00e7o\u011fu G\u00fcz D\u00f6nemi\u2019nde ba\u015fl\u0131yor). Okul G\u00fcz d\u00f6neminde 23 Eyl\u00fcl&#8217;de [&hellip;]<\/p>\n","protected":false},"author":1,"featured_media":5909,"comment_status":"closed","ping_status":"closed","sticky":false,"template":"","format":"standard","meta":{"footnotes":""},"categories":[12],"tags":[26],"class_list":["post-82","post","type-post","status-publish","format-standard","has-post-thumbnail","hentry","category-takvim","tag-yurt-disi"],"_links":{"self":[{"href":"https:\/\/ertekprojects.com\/yurtdisiegitimyasam\/wp-json\/wp\/v2\/posts\/82","targetHints":{"allow":["GET"]}}],"collection":[{"href":"https:\/\/ertekprojects.com\/yurtdisiegitimyasam\/wp-json\/wp\/v2\/posts"}],"about":[{"href":"https:\/\/ertekprojects.com\/yurtdisiegitimyasam\/wp-json\/wp\/v2\/types\/post"}],"author":[{"embeddable":true,"href":"https:\/\/ertekprojects.com\/yurtdisiegitimyasam\/wp-json\/wp\/v2\/users\/1"}],"replies":[{"embeddable":true,"href":"https:\/\/ertekprojects.com\/yurtdisiegitimyasam\/wp-json\/wp\/v2\/comments?post=82"}],"version-history":[{"count":1,"href":"https:\/\/ertekprojects.com\/yurtdisiegitimyasam\/wp-json\/wp\/v2\/posts\/82\/revisions"}],"predecessor-version":[{"id":496,"href":"https:\/\/ertekprojects.com\/yurtdisiegitimyasam\/wp-json\/wp\/v2\/posts\/82\/revisions\/496"}],"wp:featuredmedia":[{"embeddable":true,"href":"https:\/\/ertekprojects.com\/yurtdisiegitimyasam\/wp-json\/wp\/v2\/media\/5909"}],"wp:attachment":[{"href":"https:\/\/ertekprojects.com\/yurtdisiegitimyasam\/wp-json\/wp\/v2\/media?parent=82"}],"wp:term":[{"taxonomy":"category","embeddable":true,"href":"https:\/\/ertekprojects.com\/yurtdisiegitimyasam\/wp-json\/wp\/v2\/categories?post=82"},{"taxonomy":"post_tag","embeddable":true,"href":"https:\/\/ertekprojects.com\/yurtdisiegitimyasam\/wp-json\/wp\/v2\/tags?post=82"}],"curies":[{"name":"wp","href":"https:\/\/api.w.org\/{rel}","templated":true}]}}